{"id":17930,"date":"2025-10-20T16:25:16","date_gmt":"2025-10-20T15:25:16","guid":{"rendered":"https:\/\/circolovega.org\/ws\/?p=17930"},"modified":"2025-10-20T16:58:40","modified_gmt":"2025-10-20T15:58:40","slug":"vegalu_25_ott","status":"publish","type":"post","link":"https:\/\/circolovega.org\/ws\/vegalu_25_ott\/","title":{"rendered":"Sabato 25 ottobre\u00a0&#8211; Laboratorio creativo\u00a0&#8220;Un due tre si vola&#8221;"},"content":{"rendered":"\n<div class=\"wp-block-columns is-layout-flex wp-container-core-columns-is-layout-9d6595d7 wp-block-columns-is-layout-flex\">\n<div class=\"wp-block-column is-layout-flow wp-block-column-is-layout-flow\" style=\"flex-basis:66.66%\">\n<figure class=\"wp-block-image size-large is-resized\"><img loading=\"lazy\" decoding=\"async\" width=\"1024\" height=\"275\" src=\"https:\/\/circolovega.org\/ws\/wp-content\/uploads\/2025\/02\/vegalu_totale-1024x275.jpg\" alt=\"\" class=\"wp-image-17881\" style=\"width:362px;height:auto\" srcset=\"https:\/\/circolovega.org\/ws\/wp-content\/uploads\/2025\/02\/vegalu_totale-1024x275.jpg 1024w, https:\/\/circolovega.org\/ws\/wp-content\/uploads\/2025\/02\/vegalu_totale-300x80.jpg 300w, https:\/\/circolovega.org\/ws\/wp-content\/uploads\/2025\/02\/vegalu_totale-768x206.jpg 768w, https:\/\/circolovega.org\/ws\/wp-content\/uploads\/2025\/02\/vegalu_totale-1536x412.jpg 1536w, https:\/\/circolovega.org\/ws\/wp-content\/uploads\/2025\/02\/vegalu_totale-600x161.jpg 600w, https:\/\/circolovega.org\/ws\/wp-content\/uploads\/2025\/02\/vegalu_totale-190x51.jpg 190w, https:\/\/circolovega.org\/ws\/wp-content\/uploads\/2025\/02\/vegalu_totale-336x90.jpg 336w, https:\/\/circolovega.org\/ws\/wp-content\/uploads\/2025\/02\/vegalu_totale.jpg 1551w\" sizes=\"auto, (max-width: 1024px) 100vw, 1024px\" \/><\/figure>\n<\/div>\n\n\n\n<div class=\"wp-block-column is-layout-flow wp-block-column-is-layout-flow\" style=\"flex-basis:33.33%\"><\/div>\n<\/div>\n\n\n<div class=\"wp-block-image\">\n<figure class=\"alignleft size-full\"><img loading=\"lazy\" decoding=\"async\" width=\"336\" height=\"524\" src=\"https:\/\/circolovega.org\/ws\/wp-content\/uploads\/2025\/10\/vegalu.jpg\" alt=\"\" class=\"wp-image-17932\" srcset=\"https:\/\/circolovega.org\/ws\/wp-content\/uploads\/2025\/10\/vegalu.jpg 336w, https:\/\/circolovega.org\/ws\/wp-content\/uploads\/2025\/10\/vegalu-192x300.jpg 192w, https:\/\/circolovega.org\/ws\/wp-content\/uploads\/2025\/10\/vegalu-38x60.jpg 38w, https:\/\/circolovega.org\/ws\/wp-content\/uploads\/2025\/10\/vegalu-58x90.jpg 58w\" sizes=\"auto, (max-width: 336px) 100vw, 336px\" \/><\/figure>\n<\/div>\n\n\n<figure class=\"wp-block-table\"><table class=\"has-fixed-layout\"><tbody><tr><td><a href=\"https:\/\/circolovega.org\/ws\/vegalu\/\" target=\"_blank\" rel=\"noreferrer noopener\"><\/a><a href=\"https:\/\/circolovega.org\/ws\/vegalu\/\" target=\"_blank\" rel=\"noreferrer noopener\"><\/a><strong>Sabato 25 ottobre\u00a0<\/strong>al Vegal\u00f9 <strong>il laboratorio creativo<strong>\u00a0&#8220;Un due tre, si vola&#8221;<\/strong>\u00a0<\/strong>a cura di\u00a0<strong><strong>Elisabetta Civardi<\/strong>, <\/strong>per costruire insieme le decorazioni per la\u00a0<strong><strong>parata dei Bambini del 21 novembre<\/strong>!<\/strong><br><strong><br><\/strong>La Parata \u00e8 solo uno dei tanti eventi del<strong> Festival dei Diritti dell\u2019Infanzia e dell\u2019Adolescenza<\/strong> che si terr\u00e0 a Genova dal <strong>17 al 26 novembre.<\/strong><br>Vuoi saperne di pi\u00f9?\u00a0<a href=\"https:\/\/circolovega.org\/ws\/festival-diritti-2025\/\" target=\"_blank\" rel=\"noreferrer noopener\">CLICCA QUI<\/a><br><br><strong>Ecco il programma del Vegal\u00f9:<\/strong><br>&#8211; Appuntamento al CIRCOLO VEGA (Salita Famagosta 3R).\u00a0<strong>Orario di ingresso dei bambini dalle 15.00 alle 15.30\u00a0<\/strong>(solo per i bambini sotto i 3 anni \u00e8 necessaria l&#8217;entrata di un accompagnatore). Giochi e animazione! <br>&#8211; Dalle 16.00 alle 16.15 merenda <br>&#8211; Dalle 16.15 alle 17.15\u00a0<strong>laboratorio \u00a0<\/strong><br>&#8211; Dalle 17.15 gioco libero all\u2019interno del Circolo Vega (giochi di movimento, piscina di palline, costruzioni, tavolo artistico)<br>&#8211; <strong>Orario di uscita dalle 18.00 alle 18.20<\/strong><br><br>Ricordiamo che per poter partecipare \u00e8 necessario fare l\u2019<strong>iscrizione<\/strong>\u00a0e il<strong>\u00a0nuovo tesseramento 2025\/26<\/strong>\u00a0(entrambe le cose si possono fare sabato!) <br><br><strong>Vi aspettiamo!!!!<br><\/strong><br><strong>Per maggiori informazioni scrivi a\u00a0vegalu@circolovega.it<\/strong><br><a href=\"http:\/\/eepurl.com\/h8H6kf\" target=\"_blank\" rel=\"noreferrer noopener\"><\/a><\/td><\/tr><\/tbody><\/table><\/figure>\n\n\n\n<p class=\"has-background\" style=\"background-color:#fd6c7f\">Scegli l\u2019attivit\u00e0 giusta per tuo\/a figlio\/a!<br>Ogni sabato l\u2019attivit\u00e0 \u00e8 diversa: laboratori creativi, laboratori teatrali, animazioni, giochi strutturati, e feste!<br>\u00c8 importante che tu scelga le attivit\u00e0 pi\u00f9 nelle corde del tuo bambino e della tua bambina per facilitare un tempo di qualit\u00e0 al Vegal\u00f9<br>A PRESTO!<\/p>\n\n\n\n<div class=\"wp-block-buttons is-content-justification-center is-layout-flex wp-container-core-buttons-is-layout-16018d1d wp-block-buttons-is-layout-flex\">\n<div class=\"wp-block-button\"><a class=\"wp-block-button__link wp-element-button\" href=\"https:\/\/circolovega.org\/ws\/vegalu\/\">Prenota qui!<\/a><\/div>\n<\/div>\n\n\n\n<p><strong>C\u2019\u00e8 tempo fino alle ore 18:00 di mercoled\u00ec 22 ottobre<br><\/strong>(eventualmente anche oltre nel caso ci fossero ancora posti disponibili)<\/p>\n","protected":false},"excerpt":{"rendered":"<p>Sabato 25 ottobre al Vegal\u00f9 il laboratorio creativo &#8220;Un due tre si vola&#8221; a cura di Elisabetta Civardi, per costruire insieme le decorazioni per la parata dei Bambini del 21 novembre!<\/p>\n","protected":false},"author":3,"featured_media":17932,"comment_status":"open","ping_status":"open","sticky":false,"template":"","format":"standard","meta":{"give_campaign_id":0,"footnotes":""},"categories":[10],"tags":[43,47,44,42],"class_list":["post-17930","post","type-post","status-publish","format-standard","has-post-thumbnail","hentry","category-eventi","tag-0-6-anni","tag-laboratorio-creativo","tag-ludoteca","tag-vegalu"],"yoast_head":"<!-- This site is optimized with the Yoast SEO plugin v27.4 - https:\/\/yoast.com\/product\/yoast-seo-wordpress\/ -->\n<title>Sabato 25 ottobre\u00a0- Laboratorio creativo\u00a0&quot;Un due tre si vola&quot; - Circolo Vega<\/title>\n<meta name=\"robots\" content=\"index, follow, max-snippet:-1, max-image-preview:large, max-video-preview:-1\" \/>\n<link rel=\"canonical\" href=\"https:\/\/circolovega.org\/ws\/vegalu_25_ott\/\" \/>\n<meta property=\"og:locale\" content=\"it_IT\" \/>\n<meta property=\"og:type\" content=\"article\" \/>\n<meta property=\"og:title\" content=\"Sabato 25 ottobre\u00a0- Laboratorio creativo\u00a0&quot;Un due tre si vola&quot; - Circolo Vega\" \/>\n<meta property=\"og:description\" content=\"Sabato 25 ottobre al Vegal\u00f9 il laboratorio creativo &quot;Un due tre si vola&quot; a cura di Elisabetta Civardi, per costruire insieme le decorazioni per la parata dei Bambini del 21 novembre!\" \/>\n<meta property=\"og:url\" content=\"https:\/\/circolovega.org\/ws\/vegalu_25_ott\/\" \/>\n<meta property=\"og:site_name\" content=\"Circolo Vega\" \/>\n<meta property=\"article:publisher\" content=\"https:\/\/www.facebook.com\/circoloVegarciragazzi\" \/>\n<meta property=\"article:published_time\" content=\"2025-10-20T15:25:16+00:00\" \/>\n<meta property=\"article:modified_time\" content=\"2025-10-20T15:58:40+00:00\" \/>\n<meta property=\"og:image\" content=\"https:\/\/circolovega.org\/ws\/wp-content\/uploads\/2025\/10\/vegalu.jpg\" \/>\n\t<meta property=\"og:image:width\" content=\"336\" \/>\n\t<meta property=\"og:image:height\" content=\"524\" \/>\n\t<meta property=\"og:image:type\" content=\"image\/jpeg\" \/>\n<meta name=\"author\" content=\"francescads\" \/>\n<meta name=\"twitter:card\" content=\"summary_large_image\" \/>\n<meta name=\"twitter:label1\" content=\"Scritto da\" \/>\n\t<meta name=\"twitter:data1\" content=\"francescads\" \/>\n\t<meta name=\"twitter:label2\" content=\"Tempo di lettura stimato\" \/>\n\t<meta name=\"twitter:data2\" content=\"2 minuti\" \/>\n<script type=\"application\/ld+json\" class=\"yoast-schema-graph\">{\"@context\":\"https:\\\/\\\/schema.org\",\"@graph\":[{\"@type\":\"Article\",\"@id\":\"https:\\\/\\\/circolovega.org\\\/ws\\\/vegalu_25_ott\\\/#article\",\"isPartOf\":{\"@id\":\"https:\\\/\\\/circolovega.org\\\/ws\\\/vegalu_25_ott\\\/\"},\"author\":{\"name\":\"francescads\",\"@id\":\"https:\\\/\\\/circolovega.org\\\/ws\\\/#\\\/schema\\\/person\\\/1e1e72a0436fce26571466bdc33decb9\"},\"headline\":\"Sabato 25 ottobre\u00a0&#8211; Laboratorio creativo\u00a0&#8220;Un due tre si vola&#8221;\",\"datePublished\":\"2025-10-20T15:25:16+00:00\",\"dateModified\":\"2025-10-20T15:58:40+00:00\",\"mainEntityOfPage\":{\"@id\":\"https:\\\/\\\/circolovega.org\\\/ws\\\/vegalu_25_ott\\\/\"},\"wordCount\":236,\"commentCount\":0,\"publisher\":{\"@id\":\"https:\\\/\\\/circolovega.org\\\/ws\\\/#organization\"},\"image\":{\"@id\":\"https:\\\/\\\/circolovega.org\\\/ws\\\/vegalu_25_ott\\\/#primaryimage\"},\"thumbnailUrl\":\"https:\\\/\\\/circolovega.org\\\/ws\\\/wp-content\\\/uploads\\\/2025\\\/10\\\/vegalu.jpg\",\"keywords\":[\"0-6 anni\",\"laboratorio creativo\",\"ludoteca\",\"Vegal\u00f9\"],\"articleSection\":[\"EVENTI\"],\"inLanguage\":\"it-IT\",\"potentialAction\":[{\"@type\":\"CommentAction\",\"name\":\"Comment\",\"target\":[\"https:\\\/\\\/circolovega.org\\\/ws\\\/vegalu_25_ott\\\/#respond\"]}]},{\"@type\":\"WebPage\",\"@id\":\"https:\\\/\\\/circolovega.org\\\/ws\\\/vegalu_25_ott\\\/\",\"url\":\"https:\\\/\\\/circolovega.org\\\/ws\\\/vegalu_25_ott\\\/\",\"name\":\"Sabato 25 ottobre\u00a0- Laboratorio creativo\u00a0\\\"Un due tre si vola\\\" - Circolo Vega\",\"isPartOf\":{\"@id\":\"https:\\\/\\\/circolovega.org\\\/ws\\\/#website\"},\"primaryImageOfPage\":{\"@id\":\"https:\\\/\\\/circolovega.org\\\/ws\\\/vegalu_25_ott\\\/#primaryimage\"},\"image\":{\"@id\":\"https:\\\/\\\/circolovega.org\\\/ws\\\/vegalu_25_ott\\\/#primaryimage\"},\"thumbnailUrl\":\"https:\\\/\\\/circolovega.org\\\/ws\\\/wp-content\\\/uploads\\\/2025\\\/10\\\/vegalu.jpg\",\"datePublished\":\"2025-10-20T15:25:16+00:00\",\"dateModified\":\"2025-10-20T15:58:40+00:00\",\"breadcrumb\":{\"@id\":\"https:\\\/\\\/circolovega.org\\\/ws\\\/vegalu_25_ott\\\/#breadcrumb\"},\"inLanguage\":\"it-IT\",\"potentialAction\":[{\"@type\":\"ReadAction\",\"target\":[\"https:\\\/\\\/circolovega.org\\\/ws\\\/vegalu_25_ott\\\/\"]}]},{\"@type\":\"ImageObject\",\"inLanguage\":\"it-IT\",\"@id\":\"https:\\\/\\\/circolovega.org\\\/ws\\\/vegalu_25_ott\\\/#primaryimage\",\"url\":\"https:\\\/\\\/circolovega.org\\\/ws\\\/wp-content\\\/uploads\\\/2025\\\/10\\\/vegalu.jpg\",\"contentUrl\":\"https:\\\/\\\/circolovega.org\\\/ws\\\/wp-content\\\/uploads\\\/2025\\\/10\\\/vegalu.jpg\",\"width\":336,\"height\":524},{\"@type\":\"BreadcrumbList\",\"@id\":\"https:\\\/\\\/circolovega.org\\\/ws\\\/vegalu_25_ott\\\/#breadcrumb\",\"itemListElement\":[{\"@type\":\"ListItem\",\"position\":1,\"name\":\"Home\",\"item\":\"https:\\\/\\\/circolovega.org\\\/ws\\\/\"},{\"@type\":\"ListItem\",\"position\":2,\"name\":\"Sabato 25 ottobre\u00a0&#8211; Laboratorio creativo\u00a0&#8220;Un due tre si vola&#8221;\"}]},{\"@type\":\"WebSite\",\"@id\":\"https:\\\/\\\/circolovega.org\\\/ws\\\/#website\",\"url\":\"https:\\\/\\\/circolovega.org\\\/ws\\\/\",\"name\":\"Circolo Vega\",\"description\":\"Piccoli che pensano in grande!\",\"publisher\":{\"@id\":\"https:\\\/\\\/circolovega.org\\\/ws\\\/#organization\"},\"potentialAction\":[{\"@type\":\"SearchAction\",\"target\":{\"@type\":\"EntryPoint\",\"urlTemplate\":\"https:\\\/\\\/circolovega.org\\\/ws\\\/?s={search_term_string}\"},\"query-input\":{\"@type\":\"PropertyValueSpecification\",\"valueRequired\":true,\"valueName\":\"search_term_string\"}}],\"inLanguage\":\"it-IT\"},{\"@type\":\"Organization\",\"@id\":\"https:\\\/\\\/circolovega.org\\\/ws\\\/#organization\",\"name\":\"Circolo Vega\",\"url\":\"https:\\\/\\\/circolovega.org\\\/ws\\\/\",\"logo\":{\"@type\":\"ImageObject\",\"inLanguage\":\"it-IT\",\"@id\":\"https:\\\/\\\/circolovega.org\\\/ws\\\/#\\\/schema\\\/logo\\\/image\\\/\",\"url\":\"https:\\\/\\\/circolovega.org\\\/ws\\\/wp-content\\\/uploads\\\/2022\\\/02\\\/Logo-vega-ridisegnato-1.png-1.png\",\"contentUrl\":\"https:\\\/\\\/circolovega.org\\\/ws\\\/wp-content\\\/uploads\\\/2022\\\/02\\\/Logo-vega-ridisegnato-1.png-1.png\",\"width\":98,\"height\":99,\"caption\":\"Circolo Vega\"},\"image\":{\"@id\":\"https:\\\/\\\/circolovega.org\\\/ws\\\/#\\\/schema\\\/logo\\\/image\\\/\"},\"sameAs\":[\"https:\\\/\\\/www.facebook.com\\\/circoloVegarciragazzi\",\"https:\\\/\\\/www.instagram.com\\\/stories\\\/circolovega\\\/\"]},{\"@type\":\"Person\",\"@id\":\"https:\\\/\\\/circolovega.org\\\/ws\\\/#\\\/schema\\\/person\\\/1e1e72a0436fce26571466bdc33decb9\",\"name\":\"francescads\",\"image\":{\"@type\":\"ImageObject\",\"inLanguage\":\"it-IT\",\"@id\":\"https:\\\/\\\/secure.gravatar.com\\\/avatar\\\/36ce7cbc4039e23d60f08d075674c5af47f13a9cee588458ca8163a6e096805c?s=96&d=mm&r=g\",\"url\":\"https:\\\/\\\/secure.gravatar.com\\\/avatar\\\/36ce7cbc4039e23d60f08d075674c5af47f13a9cee588458ca8163a6e096805c?s=96&d=mm&r=g\",\"contentUrl\":\"https:\\\/\\\/secure.gravatar.com\\\/avatar\\\/36ce7cbc4039e23d60f08d075674c5af47f13a9cee588458ca8163a6e096805c?s=96&d=mm&r=g\",\"caption\":\"francescads\"},\"url\":\"https:\\\/\\\/circolovega.org\\\/ws\\\/author\\\/francescads\\\/\"}]}<\/script>\n<!-- \/ Yoast SEO plugin. -->","yoast_head_json":{"title":"Sabato 25 ottobre\u00a0- Laboratorio creativo\u00a0\"Un due tre si vola\" - Circolo Vega","robots":{"index":"index","follow":"follow","max-snippet":"max-snippet:-1","max-image-preview":"max-image-preview:large","max-video-preview":"max-video-preview:-1"},"canonical":"https:\/\/circolovega.org\/ws\/vegalu_25_ott\/","og_locale":"it_IT","og_type":"article","og_title":"Sabato 25 ottobre\u00a0- Laboratorio creativo\u00a0\"Un due tre si vola\" - Circolo Vega","og_description":"Sabato 25 ottobre al Vegal\u00f9 il laboratorio creativo \"Un due tre si vola\" a cura di Elisabetta Civardi, per costruire insieme le decorazioni per la parata dei Bambini del 21 novembre!","og_url":"https:\/\/circolovega.org\/ws\/vegalu_25_ott\/","og_site_name":"Circolo Vega","article_publisher":"https:\/\/www.facebook.com\/circoloVegarciragazzi","article_published_time":"2025-10-20T15:25:16+00:00","article_modified_time":"2025-10-20T15:58:40+00:00","og_image":[{"width":336,"height":524,"url":"https:\/\/circolovega.org\/ws\/wp-content\/uploads\/2025\/10\/vegalu.jpg","type":"image\/jpeg"}],"author":"francescads","twitter_card":"summary_large_image","twitter_misc":{"Scritto da":"francescads","Tempo di lettura stimato":"2 minuti"},"schema":{"@context":"https:\/\/schema.org","@graph":[{"@type":"Article","@id":"https:\/\/circolovega.org\/ws\/vegalu_25_ott\/#article","isPartOf":{"@id":"https:\/\/circolovega.org\/ws\/vegalu_25_ott\/"},"author":{"name":"francescads","@id":"https:\/\/circolovega.org\/ws\/#\/schema\/person\/1e1e72a0436fce26571466bdc33decb9"},"headline":"Sabato 25 ottobre\u00a0&#8211; Laboratorio creativo\u00a0&#8220;Un due tre si vola&#8221;","datePublished":"2025-10-20T15:25:16+00:00","dateModified":"2025-10-20T15:58:40+00:00","mainEntityOfPage":{"@id":"https:\/\/circolovega.org\/ws\/vegalu_25_ott\/"},"wordCount":236,"commentCount":0,"publisher":{"@id":"https:\/\/circolovega.org\/ws\/#organization"},"image":{"@id":"https:\/\/circolovega.org\/ws\/vegalu_25_ott\/#primaryimage"},"thumbnailUrl":"https:\/\/circolovega.org\/ws\/wp-content\/uploads\/2025\/10\/vegalu.jpg","keywords":["0-6 anni","laboratorio creativo","ludoteca","Vegal\u00f9"],"articleSection":["EVENTI"],"inLanguage":"it-IT","potentialAction":[{"@type":"CommentAction","name":"Comment","target":["https:\/\/circolovega.org\/ws\/vegalu_25_ott\/#respond"]}]},{"@type":"WebPage","@id":"https:\/\/circolovega.org\/ws\/vegalu_25_ott\/","url":"https:\/\/circolovega.org\/ws\/vegalu_25_ott\/","name":"Sabato 25 ottobre\u00a0- Laboratorio creativo\u00a0\"Un due tre si vola\" - Circolo Vega","isPartOf":{"@id":"https:\/\/circolovega.org\/ws\/#website"},"primaryImageOfPage":{"@id":"https:\/\/circolovega.org\/ws\/vegalu_25_ott\/#primaryimage"},"image":{"@id":"https:\/\/circolovega.org\/ws\/vegalu_25_ott\/#primaryimage"},"thumbnailUrl":"https:\/\/circolovega.org\/ws\/wp-content\/uploads\/2025\/10\/vegalu.jpg","datePublished":"2025-10-20T15:25:16+00:00","dateModified":"2025-10-20T15:58:40+00:00","breadcrumb":{"@id":"https:\/\/circolovega.org\/ws\/vegalu_25_ott\/#breadcrumb"},"inLanguage":"it-IT","potentialAction":[{"@type":"ReadAction","target":["https:\/\/circolovega.org\/ws\/vegalu_25_ott\/"]}]},{"@type":"ImageObject","inLanguage":"it-IT","@id":"https:\/\/circolovega.org\/ws\/vegalu_25_ott\/#primaryimage","url":"https:\/\/circolovega.org\/ws\/wp-content\/uploads\/2025\/10\/vegalu.jpg","contentUrl":"https:\/\/circolovega.org\/ws\/wp-content\/uploads\/2025\/10\/vegalu.jpg","width":336,"height":524},{"@type":"BreadcrumbList","@id":"https:\/\/circolovega.org\/ws\/vegalu_25_ott\/#breadcrumb","itemListElement":[{"@type":"ListItem","position":1,"name":"Home","item":"https:\/\/circolovega.org\/ws\/"},{"@type":"ListItem","position":2,"name":"Sabato 25 ottobre\u00a0&#8211; Laboratorio creativo\u00a0&#8220;Un due tre si vola&#8221;"}]},{"@type":"WebSite","@id":"https:\/\/circolovega.org\/ws\/#website","url":"https:\/\/circolovega.org\/ws\/","name":"Circolo Vega","description":"Piccoli che pensano in grande!","publisher":{"@id":"https:\/\/circolovega.org\/ws\/#organization"},"potentialAction":[{"@type":"SearchAction","target":{"@type":"EntryPoint","urlTemplate":"https:\/\/circolovega.org\/ws\/?s={search_term_string}"},"query-input":{"@type":"PropertyValueSpecification","valueRequired":true,"valueName":"search_term_string"}}],"inLanguage":"it-IT"},{"@type":"Organization","@id":"https:\/\/circolovega.org\/ws\/#organization","name":"Circolo Vega","url":"https:\/\/circolovega.org\/ws\/","logo":{"@type":"ImageObject","inLanguage":"it-IT","@id":"https:\/\/circolovega.org\/ws\/#\/schema\/logo\/image\/","url":"https:\/\/circolovega.org\/ws\/wp-content\/uploads\/2022\/02\/Logo-vega-ridisegnato-1.png-1.png","contentUrl":"https:\/\/circolovega.org\/ws\/wp-content\/uploads\/2022\/02\/Logo-vega-ridisegnato-1.png-1.png","width":98,"height":99,"caption":"Circolo Vega"},"image":{"@id":"https:\/\/circolovega.org\/ws\/#\/schema\/logo\/image\/"},"sameAs":["https:\/\/www.facebook.com\/circoloVegarciragazzi","https:\/\/www.instagram.com\/stories\/circolovega\/"]},{"@type":"Person","@id":"https:\/\/circolovega.org\/ws\/#\/schema\/person\/1e1e72a0436fce26571466bdc33decb9","name":"francescads","image":{"@type":"ImageObject","inLanguage":"it-IT","@id":"https:\/\/secure.gravatar.com\/avatar\/36ce7cbc4039e23d60f08d075674c5af47f13a9cee588458ca8163a6e096805c?s=96&d=mm&r=g","url":"https:\/\/secure.gravatar.com\/avatar\/36ce7cbc4039e23d60f08d075674c5af47f13a9cee588458ca8163a6e096805c?s=96&d=mm&r=g","contentUrl":"https:\/\/secure.gravatar.com\/avatar\/36ce7cbc4039e23d60f08d075674c5af47f13a9cee588458ca8163a6e096805c?s=96&d=mm&r=g","caption":"francescads"},"url":"https:\/\/circolovega.org\/ws\/author\/francescads\/"}]}},"_links":{"self":[{"href":"https:\/\/circolovega.org\/ws\/wp-json\/wp\/v2\/posts\/17930","targetHints":{"allow":["GET"]}}],"collection":[{"href":"https:\/\/circolovega.org\/ws\/wp-json\/wp\/v2\/posts"}],"about":[{"href":"https:\/\/circolovega.org\/ws\/wp-json\/wp\/v2\/types\/post"}],"author":[{"embeddable":true,"href":"https:\/\/circolovega.org\/ws\/wp-json\/wp\/v2\/users\/3"}],"replies":[{"embeddable":true,"href":"https:\/\/circolovega.org\/ws\/wp-json\/wp\/v2\/comments?post=17930"}],"version-history":[{"count":0,"href":"https:\/\/circolovega.org\/ws\/wp-json\/wp\/v2\/posts\/17930\/revisions"}],"wp:featuredmedia":[{"embeddable":true,"href":"https:\/\/circolovega.org\/ws\/wp-json\/wp\/v2\/media\/17932"}],"wp:attachment":[{"href":"https:\/\/circolovega.org\/ws\/wp-json\/wp\/v2\/media?parent=17930"}],"wp:term":[{"taxonomy":"category","embeddable":true,"href":"https:\/\/circolovega.org\/ws\/wp-json\/wp\/v2\/categories?post=17930"},{"taxonomy":"post_tag","embeddable":true,"href":"https:\/\/circolovega.org\/ws\/wp-json\/wp\/v2\/tags?post=17930"}],"curies":[{"name":"wp","href":"https:\/\/api.w.org\/{rel}","templated":true}]}}