{"id":17197,"date":"2025-06-06T12:23:14","date_gmt":"2025-06-06T11:23:14","guid":{"rendered":"https:\/\/circolovega.org\/ws\/?p=17197"},"modified":"2025-06-10T15:59:59","modified_gmt":"2025-06-10T14:59:59","slug":"spring-harmony-2025","status":"publish","type":"post","link":"https:\/\/circolovega.org\/ws\/spring-harmony-2025\/","title":{"rendered":"SPRING HARMONY 2025"},"content":{"rendered":"\n<p class=\"has-text-align-left has-text-color has-background has-link-color has-large-font-size wp-elements-6d3acad5794433f9fbcbcdf97cbec2c1\" style=\"color:#ffffff;background-color:#64328a;font-style:normal;font-weight:700\"><strong>13 GIUGNO &#8211; QUARTIERE DEL CARMINE <\/strong><\/p>\n\n\n\n<div class=\"wp-block-columns is-layout-flex wp-container-core-columns-is-layout-9d6595d7 wp-block-columns-is-layout-flex\">\n<div class=\"wp-block-column is-layout-flow wp-block-column-is-layout-flow\">\n<figure class=\"wp-block-image size-large is-resized\"><img loading=\"lazy\" decoding=\"async\" width=\"1024\" height=\"1024\" src=\"https:\/\/circolovega.org\/ws\/wp-content\/uploads\/2025\/06\/LOGO3-1024x1024.png\" alt=\"\" class=\"wp-image-17205\" style=\"width:501px;height:auto\" srcset=\"https:\/\/circolovega.org\/ws\/wp-content\/uploads\/2025\/06\/LOGO3-1024x1024.png 1024w, https:\/\/circolovega.org\/ws\/wp-content\/uploads\/2025\/06\/LOGO3-300x300.png 300w, https:\/\/circolovega.org\/ws\/wp-content\/uploads\/2025\/06\/LOGO3-150x150.png 150w, https:\/\/circolovega.org\/ws\/wp-content\/uploads\/2025\/06\/LOGO3-768x768.png 768w, https:\/\/circolovega.org\/ws\/wp-content\/uploads\/2025\/06\/LOGO3-600x600.png 600w, https:\/\/circolovega.org\/ws\/wp-content\/uploads\/2025\/06\/LOGO3-100x100.png 100w, https:\/\/circolovega.org\/ws\/wp-content\/uploads\/2025\/06\/LOGO3-60x60.png 60w, https:\/\/circolovega.org\/ws\/wp-content\/uploads\/2025\/06\/LOGO3-90x90.png 90w, https:\/\/circolovega.org\/ws\/wp-content\/uploads\/2025\/06\/LOGO3.png 1080w\" sizes=\"auto, (max-width: 1024px) 100vw, 1024px\" \/><\/figure>\n<\/div>\n\n\n\n<div class=\"wp-block-column is-layout-flow wp-block-column-is-layout-flow\"><\/div>\n<\/div>\n\n\n\n<h2 class=\"wp-block-heading\">ECCO IL PROGRAMMA COMPLETO<\/h2>\n\n\n\n<p class=\"has-text-color has-background has-link-color has-medium-font-size wp-elements-676e72fb39020fe6a5cfbce12ae03019\" style=\"color:#ffffff;background-color:#64328a\"><strong>TEATRO<\/strong><\/p>\n\n\n\n<p style=\"font-size:18px\"><strong>Le citt\u00e0 invisibili: viaggio nelle citt\u00e0 possibili del nostro immaginario<\/strong> a cura del gruppo teatrale di comunit\u00e0 Circolo Vega e La Salle<br>A partire dal libro di Italo Calvino &#8220;Le citt\u00e0 invisibili&#8221; i ragazzi e le ragazze si sono cimentati nella immaginazione delle loro citt\u00e0, a partire dal loro essere e dal loro stare nel mondo.<br><strong>Fascia d&#8217;et\u00e0: <\/strong>per tutt3<br><strong>Orario:<\/strong> alle 14:00<br><strong>Luogo: <\/strong>Abazia di S. Berardino (Salita S. Berardino, 9)<\/p>\n\n\n\n<p class=\"has-text-color has-background has-link-color has-medium-font-size wp-elements-cbeaa84a716c5f7754303ba41ba1d2f1\" style=\"color:#ffffff;background-color:#64328a\"><strong>LABORATORI<\/strong><\/p>\n\n\n\n<p><strong>L&#8217;oca del Carmine<\/strong> a cura di Mei e Galata<br>Realizza la casella del tuo Gioco dell&#8217;Oca. Fatti ispirare dalle immagini fornite durante il laboratorio e crea la tua casella personalizzata.<br><strong>Fascia d&#8217;et\u00e0: <\/strong>dai 5 agli 11 anni<br><strong>Orario:<\/strong> dalle 14:30 alle 16:30<\/p>\n\n\n\n<p><strong>Coesistere &#8211; Arazzo condiviso<\/strong> a cura di 010lab<br>Un laboratorio di arte tessile, dove daremo vita a un grande arazzo collettivo, composto da tanti autoritratti realizzati con stoffe riciclate. Ogni partecipante sar\u00e0 guidato nella riproduzione del proprio volto, utilizzando materiali di recupero come ritagli di stoffa, fili, bottoni e tempera nera. Ogni autoritratto contribuir\u00e0 a formare un\u2019opera corale che celebra la diversit\u00e0 e l\u2019identit\u00e0 di ciascuno nel quartiere di Pr\u00e8.<br><strong>Fascia d&#8217;et\u00e0: <\/strong>dai 6 anni in su<br><strong>Orario: <\/strong>14.30 &#8211; 18.30<br><br><strong>Amore e Libert\u00e0 <\/strong>a cura di White Dove <strong><br><\/strong>Stereotipi di genere, consenso, gelosia, per capire meglio cosa sia una relazione \u201csana\u201d<br><strong>Fascia d&#8217;et\u00e0: <\/strong>10-17 anni<br><strong>Orario: <\/strong>dalle 14.30\u00a0alle\u00a016.30<br><br><strong>Corpi, parole e rispetto<\/strong> a cura di Edusex <br>&#8220;Corpi, parole e rispetto&#8221; \u00e8 un laboratorio per adolescenti pensato per affrontare in modo attivo e partecipato temi come abilismo, body shaming e violenza digitale. Un\u2019occasione per costruire insieme spazi pi\u00f9 inclusivi e relazioni pi\u00f9 sane.<br><strong>Fascia d&#8217;et\u00e0: <\/strong>10-17 anni<br><strong>Orario: <\/strong>dalle 14.30\u00a0alle\u00a016.30<br><br><strong>Canta-Storie. Dalla storia all\u2019illustrazione e\u2026 ritorno<\/strong> a cura dell&#8217;Associazione Via del Campo e Caruggi<br>Otto quadri da illustrare e narrare.<br><strong>Fascia d&#8217;et\u00e0:<\/strong> dai 6 ai 12 anni<br><strong>Orario: <\/strong>dalle 15.00\u00a0alle\u00a017.00<br><br><strong>Informazione su sostanze e riduzione dei rischi <\/strong>a cura di Afet Aquilone APS Unit\u00e0 di strada Genova<br>Non sar\u00e0 un banchetto con volantini informativi e materiali su sostanze, alcol e IST (infezioni sessualmente trasmissibili ). Si tratta di un progetto di riduzione del danno e il nostro approccio si fonda sulla diffusione di consapevolezza, sul non giudizio e sul mettere al centro la persona.<br><strong>Orario: <\/strong>dalle 16:30 alle 18:30<\/p>\n\n\n\n<p class=\"has-text-color has-background has-link-color wp-elements-48bff444a13631b815c47a5e7c0d17b4\" style=\"color:#ffffff;background-color:#64328a\"><strong>CONCERTI LIVE DI RAGAZZ3 PER RAGAZZ3<\/strong><\/p>\n\n\n\n<p>&#8220;Spring Harmony&#8221; esibizione musicale di ragazz3 per ragazz3 organizzato da The Harmonizers &#8211; Centro di aggregazione &#8220;La Creuza&#8221;<br><br><strong>SUL PALCO:<\/strong><br>Adoband \u2013 Trillargento<br>Impe (Rap dai vicoli)<br>Stewie<br>Collettivo Trampa bby (Babyope, Takiri Kidd, Lil Josh, Cielle, IlChicco, Krifal)<br><strong>Orario: <\/strong>dalle 16.30\u00a0alle\u00a018.30<\/p>\n\n\n\n<p class=\"has-text-color has-background has-link-color wp-elements-0ed2bfad3433d4e959b6068d347565f8\" style=\"color:#ffffff;background-color:#64328a\"><strong>MERCATINO. DAI NUOVA VITA AI TUOI VESTITI!<\/strong><\/p>\n\n\n\n<p>A cura di Carmine<br><br>Hai vestiti, scarpe o accessori che non usi pi\u00f9? Portali al mercatino di scambio di venerd\u00ec 13 giugno al Carmine!<br>Un\u2019occasione gratuita e divertente per dare nuova vita al tuo guardaroba, incontrare nuove persone e scegliere la sostenibilit\u00e0.<br><strong>Scambia, risparmia, ricicla!<\/strong><br><strong>Fascia d&#8217;et\u00e0: <\/strong>Tutti3<br><strong>Orario: <\/strong>dalle 14:30 alle 18:30<\/p>\n\n\n\n<p class=\"has-text-color has-background has-link-color wp-elements-0fe04a6a86a3d3eade68fd3a3df6f0f3\" style=\"color:#ffffff;background-color:#64328a\"><strong>INCONTRI CON IL QUARTIERE<\/strong><\/p>\n\n\n\n<p>Incontro con gli abitanti del quartiere in Salita Carbonara 37r e brindisi tutt3 insieme<br><strong>Fascia d&#8217;et\u00e0: <\/strong>Tutti3<br><strong>Orario: <\/strong>dalle 18:30<\/p>\n\n\n\n<p><\/p>\n","protected":false},"excerpt":{"rendered":"<p>SPRING HARMONY<br \/>\n\ud83d\udccd Piazza del Carmine \u2013 Genova<br \/>\n\ud83d\uddd3 Venerd\u00ec 13 Giugno<\/p>\n<p>Un pomeriggio di festa, creativit\u00e0 e condivisione nel cuore del quartiere!<br \/>\nTi aspettiamo!<\/p>\n","protected":false},"author":3,"featured_media":17205,"comment_status":"open","ping_status":"open","sticky":false,"template":"","format":"standard","meta":{"give_campaign_id":0,"footnotes":""},"categories":[10],"tags":[47],"class_list":["post-17197","post","type-post","status-publish","format-standard","has-post-thumbnail","hentry","category-eventi","tag-laboratorio-creativo"],"yoast_head":"<!-- This site is optimized with the Yoast SEO plugin v27.4 - https:\/\/yoast.com\/product\/yoast-seo-wordpress\/ -->\n<title>SPRING HARMONY 2025 - Circolo Vega<\/title>\n<meta name=\"robots\" content=\"index, follow, max-snippet:-1, max-image-preview:large, max-video-preview:-1\" \/>\n<link rel=\"canonical\" href=\"https:\/\/circolovega.org\/ws\/spring-harmony-2025\/\" \/>\n<meta property=\"og:locale\" content=\"it_IT\" \/>\n<meta property=\"og:type\" content=\"article\" \/>\n<meta property=\"og:title\" content=\"SPRING HARMONY 2025 - Circolo Vega\" \/>\n<meta property=\"og:description\" content=\"SPRING HARMONY \ud83d\udccd Piazza del Carmine \u2013 Genova \ud83d\uddd3 Venerd\u00ec 13 Giugno Un pomeriggio di festa, creativit\u00e0 e condivisione nel cuore del quartiere! Ti aspettiamo!\" \/>\n<meta property=\"og:url\" content=\"https:\/\/circolovega.org\/ws\/spring-harmony-2025\/\" \/>\n<meta property=\"og:site_name\" content=\"Circolo Vega\" \/>\n<meta property=\"article:publisher\" content=\"https:\/\/www.facebook.com\/circoloVegarciragazzi\" \/>\n<meta property=\"article:published_time\" content=\"2025-06-06T11:23:14+00:00\" \/>\n<meta property=\"article:modified_time\" content=\"2025-06-10T14:59:59+00:00\" \/>\n<meta property=\"og:image\" content=\"https:\/\/circolovega.org\/ws\/wp-content\/uploads\/2025\/06\/LOGO3.png\" \/>\n\t<meta property=\"og:image:width\" content=\"1080\" \/>\n\t<meta property=\"og:image:height\" content=\"1080\" \/>\n\t<meta property=\"og:image:type\" content=\"image\/png\" \/>\n<meta name=\"author\" content=\"francescads\" \/>\n<meta name=\"twitter:card\" content=\"summary_large_image\" \/>\n<meta name=\"twitter:label1\" content=\"Scritto da\" \/>\n\t<meta name=\"twitter:data1\" content=\"francescads\" \/>\n\t<meta name=\"twitter:label2\" content=\"Tempo di lettura stimato\" \/>\n\t<meta name=\"twitter:data2\" content=\"4 minuti\" \/>\n<script type=\"application\/ld+json\" class=\"yoast-schema-graph\">{\"@context\":\"https:\\\/\\\/schema.org\",\"@graph\":[{\"@type\":\"Article\",\"@id\":\"https:\\\/\\\/circolovega.org\\\/ws\\\/spring-harmony-2025\\\/#article\",\"isPartOf\":{\"@id\":\"https:\\\/\\\/circolovega.org\\\/ws\\\/spring-harmony-2025\\\/\"},\"author\":{\"name\":\"francescads\",\"@id\":\"https:\\\/\\\/circolovega.org\\\/ws\\\/#\\\/schema\\\/person\\\/1e1e72a0436fce26571466bdc33decb9\"},\"headline\":\"SPRING HARMONY 2025\",\"datePublished\":\"2025-06-06T11:23:14+00:00\",\"dateModified\":\"2025-06-10T14:59:59+00:00\",\"mainEntityOfPage\":{\"@id\":\"https:\\\/\\\/circolovega.org\\\/ws\\\/spring-harmony-2025\\\/\"},\"wordCount\":507,\"commentCount\":0,\"publisher\":{\"@id\":\"https:\\\/\\\/circolovega.org\\\/ws\\\/#organization\"},\"image\":{\"@id\":\"https:\\\/\\\/circolovega.org\\\/ws\\\/spring-harmony-2025\\\/#primaryimage\"},\"thumbnailUrl\":\"https:\\\/\\\/circolovega.org\\\/ws\\\/wp-content\\\/uploads\\\/2025\\\/06\\\/LOGO3.png\",\"keywords\":[\"laboratorio creativo\"],\"articleSection\":[\"EVENTI\"],\"inLanguage\":\"it-IT\",\"potentialAction\":[{\"@type\":\"CommentAction\",\"name\":\"Comment\",\"target\":[\"https:\\\/\\\/circolovega.org\\\/ws\\\/spring-harmony-2025\\\/#respond\"]}]},{\"@type\":\"WebPage\",\"@id\":\"https:\\\/\\\/circolovega.org\\\/ws\\\/spring-harmony-2025\\\/\",\"url\":\"https:\\\/\\\/circolovega.org\\\/ws\\\/spring-harmony-2025\\\/\",\"name\":\"SPRING HARMONY 2025 - Circolo Vega\",\"isPartOf\":{\"@id\":\"https:\\\/\\\/circolovega.org\\\/ws\\\/#website\"},\"primaryImageOfPage\":{\"@id\":\"https:\\\/\\\/circolovega.org\\\/ws\\\/spring-harmony-2025\\\/#primaryimage\"},\"image\":{\"@id\":\"https:\\\/\\\/circolovega.org\\\/ws\\\/spring-harmony-2025\\\/#primaryimage\"},\"thumbnailUrl\":\"https:\\\/\\\/circolovega.org\\\/ws\\\/wp-content\\\/uploads\\\/2025\\\/06\\\/LOGO3.png\",\"datePublished\":\"2025-06-06T11:23:14+00:00\",\"dateModified\":\"2025-06-10T14:59:59+00:00\",\"breadcrumb\":{\"@id\":\"https:\\\/\\\/circolovega.org\\\/ws\\\/spring-harmony-2025\\\/#breadcrumb\"},\"inLanguage\":\"it-IT\",\"potentialAction\":[{\"@type\":\"ReadAction\",\"target\":[\"https:\\\/\\\/circolovega.org\\\/ws\\\/spring-harmony-2025\\\/\"]}]},{\"@type\":\"ImageObject\",\"inLanguage\":\"it-IT\",\"@id\":\"https:\\\/\\\/circolovega.org\\\/ws\\\/spring-harmony-2025\\\/#primaryimage\",\"url\":\"https:\\\/\\\/circolovega.org\\\/ws\\\/wp-content\\\/uploads\\\/2025\\\/06\\\/LOGO3.png\",\"contentUrl\":\"https:\\\/\\\/circolovega.org\\\/ws\\\/wp-content\\\/uploads\\\/2025\\\/06\\\/LOGO3.png\",\"width\":1080,\"height\":1080},{\"@type\":\"BreadcrumbList\",\"@id\":\"https:\\\/\\\/circolovega.org\\\/ws\\\/spring-harmony-2025\\\/#breadcrumb\",\"itemListElement\":[{\"@type\":\"ListItem\",\"position\":1,\"name\":\"Home\",\"item\":\"https:\\\/\\\/circolovega.org\\\/ws\\\/\"},{\"@type\":\"ListItem\",\"position\":2,\"name\":\"SPRING HARMONY 2025\"}]},{\"@type\":\"WebSite\",\"@id\":\"https:\\\/\\\/circolovega.org\\\/ws\\\/#website\",\"url\":\"https:\\\/\\\/circolovega.org\\\/ws\\\/\",\"name\":\"Circolo Vega\",\"description\":\"Piccoli che pensano in grande!\",\"publisher\":{\"@id\":\"https:\\\/\\\/circolovega.org\\\/ws\\\/#organization\"},\"potentialAction\":[{\"@type\":\"SearchAction\",\"target\":{\"@type\":\"EntryPoint\",\"urlTemplate\":\"https:\\\/\\\/circolovega.org\\\/ws\\\/?s={search_term_string}\"},\"query-input\":{\"@type\":\"PropertyValueSpecification\",\"valueRequired\":true,\"valueName\":\"search_term_string\"}}],\"inLanguage\":\"it-IT\"},{\"@type\":\"Organization\",\"@id\":\"https:\\\/\\\/circolovega.org\\\/ws\\\/#organization\",\"name\":\"Circolo Vega\",\"url\":\"https:\\\/\\\/circolovega.org\\\/ws\\\/\",\"logo\":{\"@type\":\"ImageObject\",\"inLanguage\":\"it-IT\",\"@id\":\"https:\\\/\\\/circolovega.org\\\/ws\\\/#\\\/schema\\\/logo\\\/image\\\/\",\"url\":\"https:\\\/\\\/circolovega.org\\\/ws\\\/wp-content\\\/uploads\\\/2022\\\/02\\\/Logo-vega-ridisegnato-1.png-1.png\",\"contentUrl\":\"https:\\\/\\\/circolovega.org\\\/ws\\\/wp-content\\\/uploads\\\/2022\\\/02\\\/Logo-vega-ridisegnato-1.png-1.png\",\"width\":98,\"height\":99,\"caption\":\"Circolo Vega\"},\"image\":{\"@id\":\"https:\\\/\\\/circolovega.org\\\/ws\\\/#\\\/schema\\\/logo\\\/image\\\/\"},\"sameAs\":[\"https:\\\/\\\/www.facebook.com\\\/circoloVegarciragazzi\",\"https:\\\/\\\/www.instagram.com\\\/stories\\\/circolovega\\\/\"]},{\"@type\":\"Person\",\"@id\":\"https:\\\/\\\/circolovega.org\\\/ws\\\/#\\\/schema\\\/person\\\/1e1e72a0436fce26571466bdc33decb9\",\"name\":\"francescads\",\"image\":{\"@type\":\"ImageObject\",\"inLanguage\":\"it-IT\",\"@id\":\"https:\\\/\\\/secure.gravatar.com\\\/avatar\\\/36ce7cbc4039e23d60f08d075674c5af47f13a9cee588458ca8163a6e096805c?s=96&d=mm&r=g\",\"url\":\"https:\\\/\\\/secure.gravatar.com\\\/avatar\\\/36ce7cbc4039e23d60f08d075674c5af47f13a9cee588458ca8163a6e096805c?s=96&d=mm&r=g\",\"contentUrl\":\"https:\\\/\\\/secure.gravatar.com\\\/avatar\\\/36ce7cbc4039e23d60f08d075674c5af47f13a9cee588458ca8163a6e096805c?s=96&d=mm&r=g\",\"caption\":\"francescads\"},\"url\":\"https:\\\/\\\/circolovega.org\\\/ws\\\/author\\\/francescads\\\/\"}]}<\/script>\n<!-- \/ Yoast SEO plugin. -->","yoast_head_json":{"title":"SPRING HARMONY 2025 - Circolo Vega","robots":{"index":"index","follow":"follow","max-snippet":"max-snippet:-1","max-image-preview":"max-image-preview:large","max-video-preview":"max-video-preview:-1"},"canonical":"https:\/\/circolovega.org\/ws\/spring-harmony-2025\/","og_locale":"it_IT","og_type":"article","og_title":"SPRING HARMONY 2025 - Circolo Vega","og_description":"SPRING HARMONY \ud83d\udccd Piazza del Carmine \u2013 Genova \ud83d\uddd3 Venerd\u00ec 13 Giugno Un pomeriggio di festa, creativit\u00e0 e condivisione nel cuore del quartiere! Ti aspettiamo!","og_url":"https:\/\/circolovega.org\/ws\/spring-harmony-2025\/","og_site_name":"Circolo Vega","article_publisher":"https:\/\/www.facebook.com\/circoloVegarciragazzi","article_published_time":"2025-06-06T11:23:14+00:00","article_modified_time":"2025-06-10T14:59:59+00:00","og_image":[{"width":1080,"height":1080,"url":"https:\/\/circolovega.org\/ws\/wp-content\/uploads\/2025\/06\/LOGO3.png","type":"image\/png"}],"author":"francescads","twitter_card":"summary_large_image","twitter_misc":{"Scritto da":"francescads","Tempo di lettura stimato":"4 minuti"},"schema":{"@context":"https:\/\/schema.org","@graph":[{"@type":"Article","@id":"https:\/\/circolovega.org\/ws\/spring-harmony-2025\/#article","isPartOf":{"@id":"https:\/\/circolovega.org\/ws\/spring-harmony-2025\/"},"author":{"name":"francescads","@id":"https:\/\/circolovega.org\/ws\/#\/schema\/person\/1e1e72a0436fce26571466bdc33decb9"},"headline":"SPRING HARMONY 2025","datePublished":"2025-06-06T11:23:14+00:00","dateModified":"2025-06-10T14:59:59+00:00","mainEntityOfPage":{"@id":"https:\/\/circolovega.org\/ws\/spring-harmony-2025\/"},"wordCount":507,"commentCount":0,"publisher":{"@id":"https:\/\/circolovega.org\/ws\/#organization"},"image":{"@id":"https:\/\/circolovega.org\/ws\/spring-harmony-2025\/#primaryimage"},"thumbnailUrl":"https:\/\/circolovega.org\/ws\/wp-content\/uploads\/2025\/06\/LOGO3.png","keywords":["laboratorio creativo"],"articleSection":["EVENTI"],"inLanguage":"it-IT","potentialAction":[{"@type":"CommentAction","name":"Comment","target":["https:\/\/circolovega.org\/ws\/spring-harmony-2025\/#respond"]}]},{"@type":"WebPage","@id":"https:\/\/circolovega.org\/ws\/spring-harmony-2025\/","url":"https:\/\/circolovega.org\/ws\/spring-harmony-2025\/","name":"SPRING HARMONY 2025 - Circolo Vega","isPartOf":{"@id":"https:\/\/circolovega.org\/ws\/#website"},"primaryImageOfPage":{"@id":"https:\/\/circolovega.org\/ws\/spring-harmony-2025\/#primaryimage"},"image":{"@id":"https:\/\/circolovega.org\/ws\/spring-harmony-2025\/#primaryimage"},"thumbnailUrl":"https:\/\/circolovega.org\/ws\/wp-content\/uploads\/2025\/06\/LOGO3.png","datePublished":"2025-06-06T11:23:14+00:00","dateModified":"2025-06-10T14:59:59+00:00","breadcrumb":{"@id":"https:\/\/circolovega.org\/ws\/spring-harmony-2025\/#breadcrumb"},"inLanguage":"it-IT","potentialAction":[{"@type":"ReadAction","target":["https:\/\/circolovega.org\/ws\/spring-harmony-2025\/"]}]},{"@type":"ImageObject","inLanguage":"it-IT","@id":"https:\/\/circolovega.org\/ws\/spring-harmony-2025\/#primaryimage","url":"https:\/\/circolovega.org\/ws\/wp-content\/uploads\/2025\/06\/LOGO3.png","contentUrl":"https:\/\/circolovega.org\/ws\/wp-content\/uploads\/2025\/06\/LOGO3.png","width":1080,"height":1080},{"@type":"BreadcrumbList","@id":"https:\/\/circolovega.org\/ws\/spring-harmony-2025\/#breadcrumb","itemListElement":[{"@type":"ListItem","position":1,"name":"Home","item":"https:\/\/circolovega.org\/ws\/"},{"@type":"ListItem","position":2,"name":"SPRING HARMONY 2025"}]},{"@type":"WebSite","@id":"https:\/\/circolovega.org\/ws\/#website","url":"https:\/\/circolovega.org\/ws\/","name":"Circolo Vega","description":"Piccoli che pensano in grande!","publisher":{"@id":"https:\/\/circolovega.org\/ws\/#organization"},"potentialAction":[{"@type":"SearchAction","target":{"@type":"EntryPoint","urlTemplate":"https:\/\/circolovega.org\/ws\/?s={search_term_string}"},"query-input":{"@type":"PropertyValueSpecification","valueRequired":true,"valueName":"search_term_string"}}],"inLanguage":"it-IT"},{"@type":"Organization","@id":"https:\/\/circolovega.org\/ws\/#organization","name":"Circolo Vega","url":"https:\/\/circolovega.org\/ws\/","logo":{"@type":"ImageObject","inLanguage":"it-IT","@id":"https:\/\/circolovega.org\/ws\/#\/schema\/logo\/image\/","url":"https:\/\/circolovega.org\/ws\/wp-content\/uploads\/2022\/02\/Logo-vega-ridisegnato-1.png-1.png","contentUrl":"https:\/\/circolovega.org\/ws\/wp-content\/uploads\/2022\/02\/Logo-vega-ridisegnato-1.png-1.png","width":98,"height":99,"caption":"Circolo Vega"},"image":{"@id":"https:\/\/circolovega.org\/ws\/#\/schema\/logo\/image\/"},"sameAs":["https:\/\/www.facebook.com\/circoloVegarciragazzi","https:\/\/www.instagram.com\/stories\/circolovega\/"]},{"@type":"Person","@id":"https:\/\/circolovega.org\/ws\/#\/schema\/person\/1e1e72a0436fce26571466bdc33decb9","name":"francescads","image":{"@type":"ImageObject","inLanguage":"it-IT","@id":"https:\/\/secure.gravatar.com\/avatar\/36ce7cbc4039e23d60f08d075674c5af47f13a9cee588458ca8163a6e096805c?s=96&d=mm&r=g","url":"https:\/\/secure.gravatar.com\/avatar\/36ce7cbc4039e23d60f08d075674c5af47f13a9cee588458ca8163a6e096805c?s=96&d=mm&r=g","contentUrl":"https:\/\/secure.gravatar.com\/avatar\/36ce7cbc4039e23d60f08d075674c5af47f13a9cee588458ca8163a6e096805c?s=96&d=mm&r=g","caption":"francescads"},"url":"https:\/\/circolovega.org\/ws\/author\/francescads\/"}]}},"_links":{"self":[{"href":"https:\/\/circolovega.org\/ws\/wp-json\/wp\/v2\/posts\/17197","targetHints":{"allow":["GET"]}}],"collection":[{"href":"https:\/\/circolovega.org\/ws\/wp-json\/wp\/v2\/posts"}],"about":[{"href":"https:\/\/circolovega.org\/ws\/wp-json\/wp\/v2\/types\/post"}],"author":[{"embeddable":true,"href":"https:\/\/circolovega.org\/ws\/wp-json\/wp\/v2\/users\/3"}],"replies":[{"embeddable":true,"href":"https:\/\/circolovega.org\/ws\/wp-json\/wp\/v2\/comments?post=17197"}],"version-history":[{"count":0,"href":"https:\/\/circolovega.org\/ws\/wp-json\/wp\/v2\/posts\/17197\/revisions"}],"wp:featuredmedia":[{"embeddable":true,"href":"https:\/\/circolovega.org\/ws\/wp-json\/wp\/v2\/media\/17205"}],"wp:attachment":[{"href":"https:\/\/circolovega.org\/ws\/wp-json\/wp\/v2\/media?parent=17197"}],"wp:term":[{"taxonomy":"category","embeddable":true,"href":"https:\/\/circolovega.org\/ws\/wp-json\/wp\/v2\/categories?post=17197"},{"taxonomy":"post_tag","embeddable":true,"href":"https:\/\/circolovega.org\/ws\/wp-json\/wp\/v2\/tags?post=17197"}],"curies":[{"name":"wp","href":"https:\/\/api.w.org\/{rel}","templated":true}]}}